{"id":759,"date":"2023-11-20T13:18:45","date_gmt":"2023-11-20T13:18:45","guid":{"rendered":"https:\/\/unitedidiomas.com\/blog\/?p=759"},"modified":"2023-11-20T13:19:15","modified_gmt":"2023-11-20T13:19:15","slug":"origem-black-friday","status":"publish","type":"post","link":"https:\/\/unitedidiomas.com\/blog\/origem-black-friday\/","title":{"rendered":"A origem da Black Friday: saiba mais!"},"content":{"rendered":"<p><img loading=\"lazy\" decoding=\"async\" class=\"alignnone wp-image-761 size-large\" src=\"https:\/\/unitedidiomas.com\/blog\/wp-content\/uploads\/2023\/11\/origem-black-friday-1024x683.jpeg\" alt=\"\" width=\"1024\" height=\"683\" srcset=\"https:\/\/unitedidiomas.com\/blog\/wp-content\/uploads\/2023\/11\/origem-black-friday-1024x683.jpeg 1024w, https:\/\/unitedidiomas.com\/blog\/wp-content\/uploads\/2023\/11\/origem-black-friday-980x653.jpeg 980w, https:\/\/unitedidiomas.com\/blog\/wp-content\/uploads\/2023\/11\/origem-black-friday-480x320.jpeg 480w\" sizes=\"auto, (min-width: 0px) and (max-width: 480px) 480px, (min-width: 481px) and (max-width: 980px) 980px, (min-width: 981px) 1024px, 100vw\" \/><\/p>\n<p>Com o fim do ano se aproximando, muitos lojistas, empres\u00e1rios e tamb\u00e9m consumidores se preparam para a <b>Black Friday<\/b>. A data se tornou uma tradi\u00e7\u00e3o no com\u00e9rcio dos Estados Unidos e alcan\u00e7ou todo o mundo \u2014 inclusive o Brasil \u2014, se consolidando como um dia primordial para as vendas do com\u00e9rcio nos \u00faltimos meses do ano.<\/p>\n<p><a href=\"https:\/\/unitedidiomas.com\/blog\/saint-patricks-day-eua\/\">+ Saint Patrick\u2019s Day nos Estados Unidos: saiba tudo sobre!<\/a><\/p>\n<p>Neste artigo, vamos falar com mais detalhes as origens da Black Friday, assim como curiosidades e outros aspectos importantes sobre a data comercial, respons\u00e1vel por movimentar bilh\u00f5es de d\u00f3lares em todo o planeta. Tenha uma excelente leitura!<\/p>\n<h2><b>O que \u00e9 a Black Friday?<\/b><\/h2>\n<p>A Black Friday \u00e9 uma data que acontece como uma a\u00e7\u00e3o promocional por lojistas, com o intuito de aquecer o consumo e ampliar a venda de produtos e servi\u00e7os, utilizando estrat\u00e9gias comerciais que envolvem descontos tentadores e grandes promo\u00e7\u00f5es, entre outras maneiras de atrair mais consumidores.<\/p>\n<p>Realizada anualmente na quarta sexta-feira de novembro, a Black Friday sempre ocorre um dia ap\u00f3s o feriado do Dia de A\u00e7\u00e3o de Gra\u00e7as (Thanksgiving Day), um dos feriados mais populares e importantes dos Estados Unidos.<\/p>\n<p><a href=\"https:\/\/unitedidiomas.com\/blog\/valentines-day-conheca-as-diferencas-em-relacao-ao-dia-dos-namorados\/\">+ Valentine\u2019s Day: conhe\u00e7a as diferen\u00e7as em rela\u00e7\u00e3o ao Dia dos Namorados<\/a><\/p>\n<p>Assim, na sexta-feira ap\u00f3s o feriado do Thanksgiving Day, os norte-americanos aproveitam para sair \u00e0s ruas ou vasculhar as lojas virtuais para aproveitar as promo\u00e7\u00f5es e ofertas especiais, que envolvem todos os tipos de produtos: celulares, aparelhos de televis\u00e3o, roupas, perfumes, brinquedos e por a\u00ed vai.<\/p>\n<p>A liquida\u00e7\u00e3o de mercadorias e produtos ap\u00f3s o Thanksgiving Day nos EUA se tornou uma tradi\u00e7\u00e3o durante o s\u00e9culo XX, mas foi no per\u00edodo entre as d\u00e9cadas de 1980 e 1990 que o dia passou a ser conhecido como Black Friday, alcan\u00e7ando posteriormente pa\u00edses de todo o mundo, incluindo o Brasil (que introduziu a Black Friday a partir de 2010).<\/p>\n<h3><a href=\"https:\/\/mkt.unitedidiomas.com\/guia-de-viagem?_ga=2.227050973.1369036470.1671023201-2016883419.1667477419\" target=\"_blank\" rel=\"noopener\"><img loading=\"lazy\" decoding=\"async\" class=\"wp-image-458 size-large aligncenter\" src=\"https:\/\/unitedidiomas.com\/blog\/wp-content\/uploads\/2022\/06\/united-08-1-1024x256.png\" alt=\"\" width=\"1024\" height=\"256\" srcset=\"https:\/\/unitedidiomas.com\/blog\/wp-content\/uploads\/2022\/06\/united-08-1-980x245.png 980w, https:\/\/unitedidiomas.com\/blog\/wp-content\/uploads\/2022\/06\/united-08-1-480x120.png 480w\" sizes=\"auto, (min-width: 0px) and (max-width: 480px) 480px, (min-width: 481px) and (max-width: 980px) 980px, (min-width: 981px) 1024px, 100vw\" \/><\/a><\/h3>\n<p>&nbsp;<\/p>\n<h2><b>Origens da Black Friday<\/b><\/h2>\n<p>A Black Friday se tornou bastante popular em todo o mundo, mas a origem do nome dado ao dia marcado pelas promo\u00e7\u00f5es e liquida\u00e7\u00f5es gera algumas controv\u00e9rsias.<\/p>\n<p>Algumas pessoas acreditam que o termo foi utilizado pela primeira vez no s\u00e9culo XIX, relacionado a um esquema de dois investidores norte-americanos para controlar o mercado de a\u00e7\u00f5es de ouro nos EUA.<\/p>\n<p>Os investidores conseguiram fazer o pre\u00e7o das a\u00e7\u00f5es do outro disparar e, com isso, enriquecer rapidamente. Por\u00e9m, o governo, ao tentar intervir na situa\u00e7\u00e3o, derrubou o pre\u00e7o, vendendo o estoque de ouro que estava armazenado e prejudicando muitos compradores. Os fraudadores, por sinal, conseguiram sair ilesos e nunca foram investigados pelo golpe.<\/p>\n<p><a href=\"https:\/\/unitedidiomas.com\/blog\/labor-day\/\">+ Labor Day: o Dia do Trabalho nos Estados Unidos<\/a><\/p>\n<p>Assim, o dia 24 de setembro, data em que houve a queda dr\u00e1stica no ouro e o colapso em Wall Street, ficou conhecido como Black Friday (sexta-feira negra, na tradu\u00e7\u00e3o literal para o portugu\u00eas) exatamente por causar um colapso financeiro grav\u00edssimo na economia norte-americana.<\/p>\n<p>Por outro lado, existe a teoria de que o nome Black Friday surgiu no pr\u00f3prio mundo do com\u00e9rcio e varejo, j\u00e1 que os comerciantes podem aproveitar a data e o aumento no n\u00famero das vendas para sair do Red (vermelho) para o Black (preto) nas contas, em alus\u00e3o \u00e0s cores das canetas utilizadas para sinalizar d\u00e9bitos e lucros.<\/p>\n<p>J\u00e1 outra hip\u00f3tese, menos popular e mais pol\u00eamica que as citadas acima, aponta que o nome Black Friday foi criado por uma revista da d\u00e9cada de 1950, que nomeou a sexta-feira ap\u00f3s o Thanksgiving Day com o termo para se referir ao modo que trabalhadores agiam nas ruas ap\u00f3s o feriado: como se fossem v\u00edtimas da black death (peste-negra, em ingl\u00eas).<\/p>\n<p><a href=\"https:\/\/unitedidiomas.com\/blog\/batalha-do-boyne-saiba-mais-sobre-esse-feriado\/\">+ Batalha do Boyne: saiba mais sobre esse feriado<\/a><\/p>\n<h2><b>United Idiomas, a melhor escola de ingl\u00eas do Brasil<\/b><\/h2>\n<p>Se voc\u00ea busca aprender ingl\u00eas com efici\u00eancia e flexibilidade, seu lugar \u00e9 na United Idiomas. Fundada em 2008, a United j\u00e1 formou mais de 100 mil alunos e conta com mais de 40 unidades espalhadas pelo Brasil, unindo qualidade e compet\u00eancia com uma metodologia diferenciada para facilitar o aprendizado do ingl\u00eas.<\/p>\n<p>Escolha onde, como e quando quer estudar com a United Idiomas e descubra mais sobre nossas op\u00e7\u00f5es de cursos presenciais, remotos ou h\u00edbridos \u2014 n\u00f3s temos a op\u00e7\u00e3o perfeita para voc\u00ea!<\/p>\n<p><a href=\"https:\/\/unitedidiomas.com\/blog\/por-que-a-united-idiomas-e-a-escolha-certa-para-aprender-ingles-de-verdade\/\">+ Por que a United Idiomas \u00e9 a escolha certa para aprender ingl\u00eas de verdade?<\/a><\/p>\n<p>Preencha o formul\u00e1rio abaixo com seus dados para receber o contato de nossa equipe de atendentes, prontos para esclarecer todas as suas d\u00favidas e ajudar voc\u00ea a come\u00e7ar seus estudos na United Idiomas, a melhor escola de ingl\u00eas do Brasil.<\/p>\n<p>&nbsp;<\/p>\n<p>&nbsp;<\/p>\n<p>&nbsp;<\/p>\n","protected":false},"excerpt":{"rendered":"<p>Com o fim do ano se aproximando, muitos lojistas, empres\u00e1rios e tamb\u00e9m consumidores se preparam para a Black Friday. A data se tornou uma tradi\u00e7\u00e3o no com\u00e9rcio dos Estados Unidos e alcan\u00e7ou todo o mundo \u2014 inclusive o Brasil \u2014, se consolidando como um dia primordial para as vendas do com\u00e9rcio nos \u00faltimos meses do [&hellip;]<\/p>\n","protected":false},"author":1,"featured_media":761,"comment_status":"closed","ping_status":"open","sticky":false,"template":"","format":"standard","meta":{"_et_pb_use_builder":"off","_et_pb_old_content":"","_et_gb_content_width":"","footnotes":""},"categories":[1],"tags":[157,48,158],"class_list":["post-759","post","type-post","status-publish","format-standard","has-post-thumbnail","hentry","category-dicas-e-curiosidades","tag-comercio","tag-estados-unidos","tag-thanksgiving-day"],"yoast_head":"<!-- This site is optimized with the Yoast SEO plugin v27.2 - https:\/\/yoast.com\/product\/yoast-seo-wordpress\/ -->\n<title>A origem da Black Friday: saiba mais! | Blog United Idiomas<\/title>\n<meta name=\"description\" content=\"Vem a\u00ed a Black Friday, dia de incr\u00edveis promo\u00e7\u00f5es e ofertas no com\u00e9rcio de todo o mundo. Descubra a origem da data no blog da United e saiba mais!\" \/>\n<meta name=\"robots\" content=\"index, follow, max-snippet:-1, max-image-preview:large, max-video-preview:-1\" \/>\n<link rel=\"canonical\" href=\"https:\/\/unitedidiomas.com\/blog\/origem-black-friday\/\" \/>\n<meta property=\"og:locale\" content=\"pt_PT\" \/>\n<meta property=\"og:type\" content=\"article\" \/>\n<meta property=\"og:title\" content=\"A origem da Black Friday: saiba mais!\" \/>\n<meta property=\"og:description\" content=\"Vem a\u00ed a Black Friday, dia de incr\u00edveis promo\u00e7\u00f5es e ofertas no com\u00e9rcio de todo o mundo. Descubra a origem da data no blog da United e saiba mais!\" \/>\n<meta property=\"og:url\" content=\"https:\/\/unitedidiomas.com\/blog\/origem-black-friday\/\" \/>\n<meta property=\"og:site_name\" content=\"Blog United Idiomas\" \/>\n<meta property=\"article:published_time\" content=\"2023-11-20T13:18:45+00:00\" \/>\n<meta property=\"article:modified_time\" content=\"2023-11-20T13:19:15+00:00\" \/>\n<meta property=\"og:image\" content=\"https:\/\/unitedidiomas.com\/blog\/wp-content\/uploads\/2023\/11\/origem-black-friday.jpeg\" \/>\n\t<meta property=\"og:image:width\" content=\"1200\" \/>\n\t<meta property=\"og:image:height\" content=\"800\" \/>\n\t<meta property=\"og:image:type\" content=\"image\/jpeg\" \/>\n<meta name=\"author\" content=\"United Idiomas\" \/>\n<meta name=\"twitter:card\" content=\"summary_large_image\" \/>\n<meta name=\"twitter:title\" content=\"A origem da Black Friday: saiba mais!\" \/>\n<meta name=\"twitter:description\" content=\"Vem a\u00ed a Black Friday, dia de incr\u00edveis promo\u00e7\u00f5es e ofertas no com\u00e9rcio de todo o mundo. Descubra a origem da data no blog da United e saiba mais!\" \/>\n<meta name=\"twitter:image\" content=\"https:\/\/unitedidiomas.com\/blog\/wp-content\/uploads\/2023\/11\/origem-black-friday.jpeg\" \/>\n<meta name=\"twitter:label1\" content=\"Escrito por\" \/>\n\t<meta name=\"twitter:data1\" content=\"United Idiomas\" \/>\n\t<meta name=\"twitter:label2\" content=\"Tempo estimado de leitura\" \/>\n\t<meta name=\"twitter:data2\" content=\"5 minutos\" \/>\n<script type=\"application\/ld+json\" class=\"yoast-schema-graph\">{\"@context\":\"https:\/\/schema.org\",\"@graph\":[{\"@type\":\"Article\",\"@id\":\"https:\/\/unitedidiomas.com\/blog\/origem-black-friday\/#article\",\"isPartOf\":{\"@id\":\"https:\/\/unitedidiomas.com\/blog\/origem-black-friday\/\"},\"author\":{\"name\":\"United Idiomas\",\"@id\":\"https:\/\/unitedidiomas.com\/blog\/#\/schema\/person\/5a0e2b7d383b30546fc0845dd33d5cff\"},\"headline\":\"A origem da Black Friday: saiba mais!\",\"datePublished\":\"2023-11-20T13:18:45+00:00\",\"dateModified\":\"2023-11-20T13:19:15+00:00\",\"mainEntityOfPage\":{\"@id\":\"https:\/\/unitedidiomas.com\/blog\/origem-black-friday\/\"},\"wordCount\":814,\"image\":{\"@id\":\"https:\/\/unitedidiomas.com\/blog\/origem-black-friday\/#primaryimage\"},\"thumbnailUrl\":\"https:\/\/unitedidiomas.com\/blog\/wp-content\/uploads\/2023\/11\/origem-black-friday.jpeg\",\"keywords\":[\"com\u00e9rcio\",\"estados unidos\",\"thanksgiving day\"],\"articleSection\":[\"Dicas e Curiosidades\"],\"inLanguage\":\"pt-PT\"},{\"@type\":\"WebPage\",\"@id\":\"https:\/\/unitedidiomas.com\/blog\/origem-black-friday\/\",\"url\":\"https:\/\/unitedidiomas.com\/blog\/origem-black-friday\/\",\"name\":\"A origem da Black Friday: saiba mais! | Blog United Idiomas\",\"isPartOf\":{\"@id\":\"https:\/\/unitedidiomas.com\/blog\/#website\"},\"primaryImageOfPage\":{\"@id\":\"https:\/\/unitedidiomas.com\/blog\/origem-black-friday\/#primaryimage\"},\"image\":{\"@id\":\"https:\/\/unitedidiomas.com\/blog\/origem-black-friday\/#primaryimage\"},\"thumbnailUrl\":\"https:\/\/unitedidiomas.com\/blog\/wp-content\/uploads\/2023\/11\/origem-black-friday.jpeg\",\"datePublished\":\"2023-11-20T13:18:45+00:00\",\"dateModified\":\"2023-11-20T13:19:15+00:00\",\"author\":{\"@id\":\"https:\/\/unitedidiomas.com\/blog\/#\/schema\/person\/5a0e2b7d383b30546fc0845dd33d5cff\"},\"description\":\"Vem a\u00ed a Black Friday, dia de incr\u00edveis promo\u00e7\u00f5es e ofertas no com\u00e9rcio de todo o mundo. Descubra a origem da data no blog da United e saiba mais!\",\"breadcrumb\":{\"@id\":\"https:\/\/unitedidiomas.com\/blog\/origem-black-friday\/#breadcrumb\"},\"inLanguage\":\"pt-PT\",\"potentialAction\":[{\"@type\":\"ReadAction\",\"target\":[\"https:\/\/unitedidiomas.com\/blog\/origem-black-friday\/\"]}]},{\"@type\":\"ImageObject\",\"inLanguage\":\"pt-PT\",\"@id\":\"https:\/\/unitedidiomas.com\/blog\/origem-black-friday\/#primaryimage\",\"url\":\"https:\/\/unitedidiomas.com\/blog\/wp-content\/uploads\/2023\/11\/origem-black-friday.jpeg\",\"contentUrl\":\"https:\/\/unitedidiomas.com\/blog\/wp-content\/uploads\/2023\/11\/origem-black-friday.jpeg\",\"width\":1200,\"height\":800},{\"@type\":\"BreadcrumbList\",\"@id\":\"https:\/\/unitedidiomas.com\/blog\/origem-black-friday\/#breadcrumb\",\"itemListElement\":[{\"@type\":\"ListItem\",\"position\":1,\"name\":\"In\u00edcio\",\"item\":\"https:\/\/unitedidiomas.com\/blog\/\"},{\"@type\":\"ListItem\",\"position\":2,\"name\":\"A origem da Black Friday: saiba mais!\"}]},{\"@type\":\"WebSite\",\"@id\":\"https:\/\/unitedidiomas.com\/blog\/#website\",\"url\":\"https:\/\/unitedidiomas.com\/blog\/\",\"name\":\"Blog United Idiomas\",\"description\":\"Blog da United Idiomas\",\"potentialAction\":[{\"@type\":\"SearchAction\",\"target\":{\"@type\":\"EntryPoint\",\"urlTemplate\":\"https:\/\/unitedidiomas.com\/blog\/?s={search_term_string}\"},\"query-input\":{\"@type\":\"PropertyValueSpecification\",\"valueRequired\":true,\"valueName\":\"search_term_string\"}}],\"inLanguage\":\"pt-PT\"},{\"@type\":\"Person\",\"@id\":\"https:\/\/unitedidiomas.com\/blog\/#\/schema\/person\/5a0e2b7d383b30546fc0845dd33d5cff\",\"name\":\"United Idiomas\",\"image\":{\"@type\":\"ImageObject\",\"inLanguage\":\"pt-PT\",\"@id\":\"https:\/\/secure.gravatar.com\/avatar\/7ecc8b9714383dc7d4ffa79a610236023d3efd20a19c4f67d08f86412d043e3b?s=96&d=mm&r=g\",\"url\":\"https:\/\/secure.gravatar.com\/avatar\/7ecc8b9714383dc7d4ffa79a610236023d3efd20a19c4f67d08f86412d043e3b?s=96&d=mm&r=g\",\"contentUrl\":\"https:\/\/secure.gravatar.com\/avatar\/7ecc8b9714383dc7d4ffa79a610236023d3efd20a19c4f67d08f86412d043e3b?s=96&d=mm&r=g\",\"caption\":\"United Idiomas\"},\"sameAs\":[\"https:\/\/unitedidiomas.com\/blog\"],\"url\":\"https:\/\/unitedidiomas.com\/blog\/author\/ublogadmin\/\"}]}<\/script>\n<!-- \/ Yoast SEO plugin. -->","yoast_head_json":{"title":"A origem da Black Friday: saiba mais! | Blog United Idiomas","description":"Vem a\u00ed a Black Friday, dia de incr\u00edveis promo\u00e7\u00f5es e ofertas no com\u00e9rcio de todo o mundo. Descubra a origem da data no blog da United e saiba mais!","robots":{"index":"index","follow":"follow","max-snippet":"max-snippet:-1","max-image-preview":"max-image-preview:large","max-video-preview":"max-video-preview:-1"},"canonical":"https:\/\/unitedidiomas.com\/blog\/origem-black-friday\/","og_locale":"pt_PT","og_type":"article","og_title":"A origem da Black Friday: saiba mais!","og_description":"Vem a\u00ed a Black Friday, dia de incr\u00edveis promo\u00e7\u00f5es e ofertas no com\u00e9rcio de todo o mundo. Descubra a origem da data no blog da United e saiba mais!","og_url":"https:\/\/unitedidiomas.com\/blog\/origem-black-friday\/","og_site_name":"Blog United Idiomas","article_published_time":"2023-11-20T13:18:45+00:00","article_modified_time":"2023-11-20T13:19:15+00:00","og_image":[{"width":1200,"height":800,"url":"https:\/\/unitedidiomas.com\/blog\/wp-content\/uploads\/2023\/11\/origem-black-friday.jpeg","type":"image\/jpeg"}],"author":"United Idiomas","twitter_card":"summary_large_image","twitter_title":"A origem da Black Friday: saiba mais!","twitter_description":"Vem a\u00ed a Black Friday, dia de incr\u00edveis promo\u00e7\u00f5es e ofertas no com\u00e9rcio de todo o mundo. Descubra a origem da data no blog da United e saiba mais!","twitter_image":"https:\/\/unitedidiomas.com\/blog\/wp-content\/uploads\/2023\/11\/origem-black-friday.jpeg","twitter_misc":{"Escrito por":"United Idiomas","Tempo estimado de leitura":"5 minutos"},"schema":{"@context":"https:\/\/schema.org","@graph":[{"@type":"Article","@id":"https:\/\/unitedidiomas.com\/blog\/origem-black-friday\/#article","isPartOf":{"@id":"https:\/\/unitedidiomas.com\/blog\/origem-black-friday\/"},"author":{"name":"United Idiomas","@id":"https:\/\/unitedidiomas.com\/blog\/#\/schema\/person\/5a0e2b7d383b30546fc0845dd33d5cff"},"headline":"A origem da Black Friday: saiba mais!","datePublished":"2023-11-20T13:18:45+00:00","dateModified":"2023-11-20T13:19:15+00:00","mainEntityOfPage":{"@id":"https:\/\/unitedidiomas.com\/blog\/origem-black-friday\/"},"wordCount":814,"image":{"@id":"https:\/\/unitedidiomas.com\/blog\/origem-black-friday\/#primaryimage"},"thumbnailUrl":"https:\/\/unitedidiomas.com\/blog\/wp-content\/uploads\/2023\/11\/origem-black-friday.jpeg","keywords":["com\u00e9rcio","estados unidos","thanksgiving day"],"articleSection":["Dicas e Curiosidades"],"inLanguage":"pt-PT"},{"@type":"WebPage","@id":"https:\/\/unitedidiomas.com\/blog\/origem-black-friday\/","url":"https:\/\/unitedidiomas.com\/blog\/origem-black-friday\/","name":"A origem da Black Friday: saiba mais! | Blog United Idiomas","isPartOf":{"@id":"https:\/\/unitedidiomas.com\/blog\/#website"},"primaryImageOfPage":{"@id":"https:\/\/unitedidiomas.com\/blog\/origem-black-friday\/#primaryimage"},"image":{"@id":"https:\/\/unitedidiomas.com\/blog\/origem-black-friday\/#primaryimage"},"thumbnailUrl":"https:\/\/unitedidiomas.com\/blog\/wp-content\/uploads\/2023\/11\/origem-black-friday.jpeg","datePublished":"2023-11-20T13:18:45+00:00","dateModified":"2023-11-20T13:19:15+00:00","author":{"@id":"https:\/\/unitedidiomas.com\/blog\/#\/schema\/person\/5a0e2b7d383b30546fc0845dd33d5cff"},"description":"Vem a\u00ed a Black Friday, dia de incr\u00edveis promo\u00e7\u00f5es e ofertas no com\u00e9rcio de todo o mundo. Descubra a origem da data no blog da United e saiba mais!","breadcrumb":{"@id":"https:\/\/unitedidiomas.com\/blog\/origem-black-friday\/#breadcrumb"},"inLanguage":"pt-PT","potentialAction":[{"@type":"ReadAction","target":["https:\/\/unitedidiomas.com\/blog\/origem-black-friday\/"]}]},{"@type":"ImageObject","inLanguage":"pt-PT","@id":"https:\/\/unitedidiomas.com\/blog\/origem-black-friday\/#primaryimage","url":"https:\/\/unitedidiomas.com\/blog\/wp-content\/uploads\/2023\/11\/origem-black-friday.jpeg","contentUrl":"https:\/\/unitedidiomas.com\/blog\/wp-content\/uploads\/2023\/11\/origem-black-friday.jpeg","width":1200,"height":800},{"@type":"BreadcrumbList","@id":"https:\/\/unitedidiomas.com\/blog\/origem-black-friday\/#breadcrumb","itemListElement":[{"@type":"ListItem","position":1,"name":"In\u00edcio","item":"https:\/\/unitedidiomas.com\/blog\/"},{"@type":"ListItem","position":2,"name":"A origem da Black Friday: saiba mais!"}]},{"@type":"WebSite","@id":"https:\/\/unitedidiomas.com\/blog\/#website","url":"https:\/\/unitedidiomas.com\/blog\/","name":"Blog United Idiomas","description":"Blog da United Idiomas","potentialAction":[{"@type":"SearchAction","target":{"@type":"EntryPoint","urlTemplate":"https:\/\/unitedidiomas.com\/blog\/?s={search_term_string}"},"query-input":{"@type":"PropertyValueSpecification","valueRequired":true,"valueName":"search_term_string"}}],"inLanguage":"pt-PT"},{"@type":"Person","@id":"https:\/\/unitedidiomas.com\/blog\/#\/schema\/person\/5a0e2b7d383b30546fc0845dd33d5cff","name":"United Idiomas","image":{"@type":"ImageObject","inLanguage":"pt-PT","@id":"https:\/\/secure.gravatar.com\/avatar\/7ecc8b9714383dc7d4ffa79a610236023d3efd20a19c4f67d08f86412d043e3b?s=96&d=mm&r=g","url":"https:\/\/secure.gravatar.com\/avatar\/7ecc8b9714383dc7d4ffa79a610236023d3efd20a19c4f67d08f86412d043e3b?s=96&d=mm&r=g","contentUrl":"https:\/\/secure.gravatar.com\/avatar\/7ecc8b9714383dc7d4ffa79a610236023d3efd20a19c4f67d08f86412d043e3b?s=96&d=mm&r=g","caption":"United Idiomas"},"sameAs":["https:\/\/unitedidiomas.com\/blog"],"url":"https:\/\/unitedidiomas.com\/blog\/author\/ublogadmin\/"}]}},"_links":{"self":[{"href":"https:\/\/unitedidiomas.com\/blog\/wp-json\/wp\/v2\/posts\/759","targetHints":{"allow":["GET"]}}],"collection":[{"href":"https:\/\/unitedidiomas.com\/blog\/wp-json\/wp\/v2\/posts"}],"about":[{"href":"https:\/\/unitedidiomas.com\/blog\/wp-json\/wp\/v2\/types\/post"}],"author":[{"embeddable":true,"href":"https:\/\/unitedidiomas.com\/blog\/wp-json\/wp\/v2\/users\/1"}],"replies":[{"embeddable":true,"href":"https:\/\/unitedidiomas.com\/blog\/wp-json\/wp\/v2\/comments?post=759"}],"version-history":[{"count":3,"href":"https:\/\/unitedidiomas.com\/blog\/wp-json\/wp\/v2\/posts\/759\/revisions"}],"predecessor-version":[{"id":763,"href":"https:\/\/unitedidiomas.com\/blog\/wp-json\/wp\/v2\/posts\/759\/revisions\/763"}],"wp:featuredmedia":[{"embeddable":true,"href":"https:\/\/unitedidiomas.com\/blog\/wp-json\/wp\/v2\/media\/761"}],"wp:attachment":[{"href":"https:\/\/unitedidiomas.com\/blog\/wp-json\/wp\/v2\/media?parent=759"}],"wp:term":[{"taxonomy":"category","embeddable":true,"href":"https:\/\/unitedidiomas.com\/blog\/wp-json\/wp\/v2\/categories?post=759"},{"taxonomy":"post_tag","embeddable":true,"href":"https:\/\/unitedidiomas.com\/blog\/wp-json\/wp\/v2\/tags?post=759"}],"curies":[{"name":"wp","href":"https:\/\/api.w.org\/{rel}","templated":true}]}}