{"id":468,"date":"2022-07-15T09:00:19","date_gmt":"2022-07-15T09:00:19","guid":{"rendered":"https:\/\/unitedidiomas.com\/blog\/?p=468"},"modified":"2022-08-09T19:55:19","modified_gmt":"2022-08-09T19:55:19","slug":"batalha-do-boyne-saiba-mais-sobre-esse-feriado","status":"publish","type":"post","link":"https:\/\/unitedidiomas.com\/blog\/batalha-do-boyne-saiba-mais-sobre-esse-feriado\/","title":{"rendered":"Batalha do Boyne: saiba mais sobre esse feriado"},"content":{"rendered":"<p><img loading=\"lazy\" decoding=\"async\" class=\"aligncenter size-full wp-image-469\" src=\"https:\/\/unitedidiomas.com\/blog\/wp-content\/uploads\/2022\/07\/Benjamin-west-the-battle-of-the-boyne-scaled.jpg\" alt=\"\" width=\"2560\" height=\"1756\" srcset=\"https:\/\/unitedidiomas.com\/blog\/wp-content\/uploads\/2022\/07\/Benjamin-west-the-battle-of-the-boyne-scaled.jpg 2560w, https:\/\/unitedidiomas.com\/blog\/wp-content\/uploads\/2022\/07\/Benjamin-west-the-battle-of-the-boyne-1280x878.jpg 1280w, https:\/\/unitedidiomas.com\/blog\/wp-content\/uploads\/2022\/07\/Benjamin-west-the-battle-of-the-boyne-980x672.jpg 980w, https:\/\/unitedidiomas.com\/blog\/wp-content\/uploads\/2022\/07\/Benjamin-west-the-battle-of-the-boyne-480x329.jpg 480w\" sizes=\"auto, (min-width: 0px) and (max-width: 480px) 480px, (min-width: 481px) and (max-width: 980px) 980px, (min-width: 981px) and (max-width: 1280px) 1280px, (min-width: 1281px) 2560px, 100vw\" \/><\/p>\n<p><span style=\"font-weight: 400;\">Voc\u00ea conhece a hist\u00f3ria da Batalha do Boyne? Comemorado anualmente no dia 12 de julho, \u00e9 um dos confrontos b\u00e9licos mais conhecidos da hist\u00f3ria da Irlanda e do Reino Unido, tornando- se parte importante do folclore protestante irland\u00eas. Por\u00e9m, \u00e9 uma data repleta de controv\u00e9rsias, que por muitos anos gerou at\u00e9 mesmo conflitos entre grupos pol\u00edticos e ideol\u00f3gicos do pa\u00eds, justamente por conta das comemora\u00e7\u00f5es em refer\u00eancia \u00e0 batalha. Confira neste artigo da United Idiomas tudo sobre a hist\u00f3ria da Batalha do Boyne e como o feriado \u00e9 celebrado atualmente na Irlanda. Boa leitura!<\/span><\/p>\n<p><a href=\"https:\/\/unitedidiomas.com\/blog\/como-a-tecnologia-pode-te-ajudar-a-aprender-ingles\/\"><span style=\"font-weight: 400;\">+ Como a tecnologia pode te ajudar a aprender ingl\u00eas<\/span><\/a><\/p>\n<h2><b>A hist\u00f3ria da Batalha do Boyne<\/b><\/h2>\n<p><span style=\"font-weight: 400;\">Antes de contar a hist\u00f3ria do conflito, vamos explicar a origem da data de celebra\u00e7\u00e3o: a Batalha do Boyne aconteceu no dia 1\u00ba de julho de 1690 \u2014 data pertencente ao antigo calend\u00e1rio juliano. Por\u00e9m, quando o calend\u00e1rio gregoriano foi adotado na Irlanda no ano de 1752, transferindo e recalculando todas as datas hist\u00f3ricas e comemorativas, o dia da Batalha do Boyne foi alterado para 12 de julho, dia em que o conflito \u00e9 celebrado principalmente pela Ordem de Orange, grupo protestante irland\u00eas.<\/span><\/p>\n<p><a href=\"https:\/\/unitedidiomas.com\/blog\/saiba-mais-sobre-os-certificados-internacionais-de-ingles\/\"><span style=\"font-weight: 400;\">+ Saiba mais sobre os certificados internacionais de ingl\u00eas<\/span><\/a><\/p>\n<p><span style=\"font-weight: 400;\">A Batalha do Boyne foi um conflito decisivo e marcante para a Guerra Jacobita, uma s\u00e9rie de batalhas entre Inglaterra, Esc\u00f3cia e Irlanda e ocorridas entre os anos de 1688 e 1746. \u00c0s margens do rio Boyne, pr\u00f3ximo ao povoado de Drogheda, na costa leste da Irlanda, os ex\u00e9rcitos do rei deposto Jaime II da Inglaterra e seus seguidores jacobitas foram derrotados pelo sobrinho e genro de Jaime, Guilherme III da Inglaterra.<\/span><\/p>\n<p><span style=\"font-weight: 400;\">A derrota resultou no fracasso de Jaime II em sua tentativa de recuperar a coroa brit\u00e2nica, al\u00e9m de garantir a cont\u00ednua ascend\u00eancia protestante na Irlanda. Embora a guerra tenha continuado, Jaime II fugiu para a Fran\u00e7a ap\u00f3s a Batalha do Boyne, para nunca mais voltar. As consequ\u00eancias deste conflito fizeram com que ele se tornasse um dos mais importantes e simb\u00f3licos da hist\u00f3ria do Reino Unido, dando rumos decisivos para a hist\u00f3ria dos pa\u00edses pertencentes.<\/span><\/p>\n<p><a href=\"https:\/\/unitedidiomas.com\/blog\/viajando-pela-primeira-vez-para-outro-pais-veja-dicas-para-aproveitar-ao-maximo\/\"><span style=\"font-weight: 400;\">+ Viajando pela primeira vez para outro pa\u00eds? Veja dicas para aproveitar ao m\u00e1ximo<\/span><\/a><\/p>\n<p><span style=\"font-weight: 400;\">Os n\u00fameros de baixas da batalha foram relativamente baixos para um conflito de tal escala \u2014 dos cerca de 50 mil militares participantes, cerca de dois mil morreram em combate. Ao final da batalha, tr\u00eas em cada quatro mortos eram jacobitas, o que levou o ex\u00e9rcito de Jaime a abandonar a cidade e marchar para Limerick ap\u00f3s a derrota.<\/span><\/p>\n<p><a href=\"https:\/\/unitedidiomas.com\/blog\/veja-motivos-para-comecar-a-assistir-filmes-com-legenda-em-ingles\/\"><span style=\"font-weight: 400;\">+ Veja motivos para come\u00e7ar a assistir filmes com legenda em ingl\u00eas<\/span><\/a><\/p>\n<p><a href=\"https:\/\/mkt.unitedidiomas.com\/guia-de-viagem\"><img loading=\"lazy\" decoding=\"async\" class=\"aligncenter size-full wp-image-458\" src=\"https:\/\/unitedidiomas.com\/blog\/wp-content\/uploads\/2022\/06\/united-08-1.png\" alt=\"\" width=\"3017\" height=\"755\" srcset=\"https:\/\/unitedidiomas.com\/blog\/wp-content\/uploads\/2022\/06\/united-08-1.png 3017w, https:\/\/unitedidiomas.com\/blog\/wp-content\/uploads\/2022\/06\/united-08-1-1280x320.png 1280w, https:\/\/unitedidiomas.com\/blog\/wp-content\/uploads\/2022\/06\/united-08-1-980x245.png 980w, https:\/\/unitedidiomas.com\/blog\/wp-content\/uploads\/2022\/06\/united-08-1-480x120.png 480w\" sizes=\"auto, (min-width: 0px) and (max-width: 480px) 480px, (min-width: 481px) and (max-width: 980px) 980px, (min-width: 981px) and (max-width: 1280px) 1280px, (min-width: 1281px) 3017px, 100vw\" \/><\/a><\/p>\n<h2><b>Comemora\u00e7\u00e3o da Batalha de Boyne<\/b><\/h2>\n<p><span style=\"font-weight: 400;\">A celebra\u00e7\u00e3o da data ainda gera controv\u00e9rsia at\u00e9 os dias atuais na Irlanda. Originalmente, o dia 12 de julho representava a comemora\u00e7\u00e3o da Batalha de Aughrim, simbolizando a vit\u00f3ria dos protestantes na Guerra da Irlanda, conflito que ocorreu um ano ap\u00f3s a Batalha do Boyne. Por\u00e9m, ap\u00f3s a mudan\u00e7a de data para o calend\u00e1rio gregoriano e a cria\u00e7\u00e3o da Ordem de Orange em 1795, os dois eventos (Boyne e Aughrim) foram combinados a partir do final do s\u00e9culo XVIII.<\/span><\/p>\n<p><span style=\"font-weight: 400;\">Nas \u00faltimas d\u00e9cadas, o \u201cThe Twelfth\u201d, como \u00e9 conhecida a comemora\u00e7\u00e3o da Batalha do Boyne, tem sido regularmente marcada por confrontos, j\u00e1 que os membros da Ordem de Orange buscam celebrar a data marchando em \u00e1reas que possuem muitos moradores nacionalistas, que se op\u00f5em \u00e0s marchas, considerando-as provocativas. Por\u00e9m, com refor\u00e7o no policiamento e di\u00e1logo mais intenso entre as partes, os desfiles se tornaram mais pac\u00edficos, mas ainda s\u00e3o vistas como um ponto-chave nas tens\u00f5es unionistas e nacionalistas da Irlanda.<\/span><\/p>\n<h2><b>Aprenda ingl\u00eas de verdade com a United Idiomas!<\/b><\/h2>\n<p><a href=\"https:\/\/unitedidiomas.com\/blog\/curso-ideal-de-ingles-porque-escolher-a-united-idiomas\/\"><span style=\"font-weight: 400;\">+ Curso ideal de ingl\u00eas: porque escolher a United Idiomas<\/span><\/a><\/p>\n<p><span style=\"font-weight: 400;\">A United Idiomas \u00e9 a escolha certa para voc\u00ea que busca a melhor metodologia de ensino com cursos flex\u00edveis, permitindo que voc\u00ea estude como, quando e onde quiser. S\u00e3o professores altamente qualificados, plataforma digital completa e metodologia diferenciada, tudo para voc\u00ea aprender o ingl\u00eas da vida real em at\u00e9 18 meses. Conhe\u00e7a mais sobre nossa estrutura e descubra porque a United Idiomas pode transformar seu aprendizado de forma din\u00e2mica e pr\u00e1tica. Acesse nosso site <\/span><a href=\"https:\/\/www.unitedidiomas.com\/\"><span style=\"font-weight: 400;\">clicando aqui<\/span><\/a><span style=\"font-weight: 400;\"> e conhe\u00e7a tudo sobre os cursos da United Idiomas, a melhor escola de ingl\u00eas do Brasil.<\/span><\/p>\n","protected":false},"excerpt":{"rendered":"<p>Voc\u00ea conhece a hist\u00f3ria da Batalha do Boyne? Comemorado anualmente no dia 12 de julho, \u00e9 um dos confrontos b\u00e9licos mais conhecidos da hist\u00f3ria da Irlanda e do Reino Unido, tornando- se parte importante do folclore protestante irland\u00eas. Por\u00e9m, \u00e9 uma data repleta de controv\u00e9rsias, que por muitos anos gerou at\u00e9 mesmo conflitos entre grupos [&hellip;]<\/p>\n","protected":false},"author":1,"featured_media":469,"comment_status":"open","ping_status":"open","sticky":false,"template":"","format":"standard","meta":{"_et_pb_use_builder":"","_et_pb_old_content":"","_et_gb_content_width":"","footnotes":""},"categories":[1],"tags":[52,46,33],"class_list":["post-468","post","type-post","status-publish","format-standard","has-post-thumbnail","hentry","category-dicas-e-curiosidades","tag-curiosidades","tag-feriado","tag-ingles-para-viagens"],"yoast_head":"<!-- This site is optimized with the Yoast SEO plugin v27.2 - https:\/\/yoast.com\/product\/yoast-seo-wordpress\/ -->\n<title>Batalha do Boyne: saiba mais sobre esse feriado | Blog United Idiomas<\/title>\n<meta name=\"description\" content=\"Venha aprender ingl\u00eas na United Idiomas. Escola com aulas presenciais e online com metodologia EAD.\" \/>\n<meta name=\"robots\" content=\"index, follow, max-snippet:-1, max-image-preview:large, max-video-preview:-1\" \/>\n<link rel=\"canonical\" href=\"https:\/\/unitedidiomas.com\/blog\/batalha-do-boyne-saiba-mais-sobre-esse-feriado\/\" \/>\n<meta property=\"og:locale\" content=\"pt_PT\" \/>\n<meta property=\"og:type\" content=\"article\" \/>\n<meta property=\"og:title\" content=\"Batalha do Boyne: saiba mais sobre esse feriado | Blog United Idiomas\" \/>\n<meta property=\"og:description\" content=\"Venha aprender ingl\u00eas na United Idiomas. Escola com aulas presenciais e online com metodologia EAD.\" \/>\n<meta property=\"og:url\" content=\"https:\/\/unitedidiomas.com\/blog\/batalha-do-boyne-saiba-mais-sobre-esse-feriado\/\" \/>\n<meta property=\"og:site_name\" content=\"Blog United Idiomas\" \/>\n<meta property=\"article:published_time\" content=\"2022-07-15T09:00:19+00:00\" \/>\n<meta property=\"article:modified_time\" content=\"2022-08-09T19:55:19+00:00\" \/>\n<meta property=\"og:image\" content=\"https:\/\/unitedidiomas.com\/blog\/wp-content\/uploads\/2022\/07\/Benjamin-west-the-battle-of-the-boyne-scaled.jpg\" \/>\n\t<meta property=\"og:image:width\" content=\"2560\" \/>\n\t<meta property=\"og:image:height\" content=\"1756\" \/>\n\t<meta property=\"og:image:type\" content=\"image\/jpeg\" \/>\n<meta name=\"author\" content=\"United Idiomas\" \/>\n<meta name=\"twitter:card\" content=\"summary_large_image\" \/>\n<meta name=\"twitter:label1\" content=\"Escrito por\" \/>\n\t<meta name=\"twitter:data1\" content=\"United Idiomas\" \/>\n\t<meta name=\"twitter:label2\" content=\"Tempo estimado de leitura\" \/>\n\t<meta name=\"twitter:data2\" content=\"5 minutos\" \/>\n<script type=\"application\/ld+json\" class=\"yoast-schema-graph\">{\"@context\":\"https:\/\/schema.org\",\"@graph\":[{\"@type\":\"Article\",\"@id\":\"https:\/\/unitedidiomas.com\/blog\/batalha-do-boyne-saiba-mais-sobre-esse-feriado\/#article\",\"isPartOf\":{\"@id\":\"https:\/\/unitedidiomas.com\/blog\/batalha-do-boyne-saiba-mais-sobre-esse-feriado\/\"},\"author\":{\"name\":\"United Idiomas\",\"@id\":\"https:\/\/unitedidiomas.com\/blog\/#\/schema\/person\/5a0e2b7d383b30546fc0845dd33d5cff\"},\"headline\":\"Batalha do Boyne: saiba mais sobre esse feriado\",\"datePublished\":\"2022-07-15T09:00:19+00:00\",\"dateModified\":\"2022-08-09T19:55:19+00:00\",\"mainEntityOfPage\":{\"@id\":\"https:\/\/unitedidiomas.com\/blog\/batalha-do-boyne-saiba-mais-sobre-esse-feriado\/\"},\"wordCount\":767,\"commentCount\":0,\"image\":{\"@id\":\"https:\/\/unitedidiomas.com\/blog\/batalha-do-boyne-saiba-mais-sobre-esse-feriado\/#primaryimage\"},\"thumbnailUrl\":\"https:\/\/unitedidiomas.com\/blog\/wp-content\/uploads\/2022\/07\/Benjamin-west-the-battle-of-the-boyne-scaled.jpg\",\"keywords\":[\"curiosidades\",\"feriado\",\"ingl\u00eas para viagens\"],\"articleSection\":[\"Dicas e Curiosidades\"],\"inLanguage\":\"pt-PT\",\"potentialAction\":[{\"@type\":\"CommentAction\",\"name\":\"Comment\",\"target\":[\"https:\/\/unitedidiomas.com\/blog\/batalha-do-boyne-saiba-mais-sobre-esse-feriado\/#respond\"]}]},{\"@type\":\"WebPage\",\"@id\":\"https:\/\/unitedidiomas.com\/blog\/batalha-do-boyne-saiba-mais-sobre-esse-feriado\/\",\"url\":\"https:\/\/unitedidiomas.com\/blog\/batalha-do-boyne-saiba-mais-sobre-esse-feriado\/\",\"name\":\"Batalha do Boyne: saiba mais sobre esse feriado | Blog United Idiomas\",\"isPartOf\":{\"@id\":\"https:\/\/unitedidiomas.com\/blog\/#website\"},\"primaryImageOfPage\":{\"@id\":\"https:\/\/unitedidiomas.com\/blog\/batalha-do-boyne-saiba-mais-sobre-esse-feriado\/#primaryimage\"},\"image\":{\"@id\":\"https:\/\/unitedidiomas.com\/blog\/batalha-do-boyne-saiba-mais-sobre-esse-feriado\/#primaryimage\"},\"thumbnailUrl\":\"https:\/\/unitedidiomas.com\/blog\/wp-content\/uploads\/2022\/07\/Benjamin-west-the-battle-of-the-boyne-scaled.jpg\",\"datePublished\":\"2022-07-15T09:00:19+00:00\",\"dateModified\":\"2022-08-09T19:55:19+00:00\",\"author\":{\"@id\":\"https:\/\/unitedidiomas.com\/blog\/#\/schema\/person\/5a0e2b7d383b30546fc0845dd33d5cff\"},\"description\":\"Venha aprender ingl\u00eas na United Idiomas. Escola com aulas presenciais e online com metodologia EAD.\",\"breadcrumb\":{\"@id\":\"https:\/\/unitedidiomas.com\/blog\/batalha-do-boyne-saiba-mais-sobre-esse-feriado\/#breadcrumb\"},\"inLanguage\":\"pt-PT\",\"potentialAction\":[{\"@type\":\"ReadAction\",\"target\":[\"https:\/\/unitedidiomas.com\/blog\/batalha-do-boyne-saiba-mais-sobre-esse-feriado\/\"]}]},{\"@type\":\"ImageObject\",\"inLanguage\":\"pt-PT\",\"@id\":\"https:\/\/unitedidiomas.com\/blog\/batalha-do-boyne-saiba-mais-sobre-esse-feriado\/#primaryimage\",\"url\":\"https:\/\/unitedidiomas.com\/blog\/wp-content\/uploads\/2022\/07\/Benjamin-west-the-battle-of-the-boyne-scaled.jpg\",\"contentUrl\":\"https:\/\/unitedidiomas.com\/blog\/wp-content\/uploads\/2022\/07\/Benjamin-west-the-battle-of-the-boyne-scaled.jpg\",\"width\":2560,\"height\":1756},{\"@type\":\"BreadcrumbList\",\"@id\":\"https:\/\/unitedidiomas.com\/blog\/batalha-do-boyne-saiba-mais-sobre-esse-feriado\/#breadcrumb\",\"itemListElement\":[{\"@type\":\"ListItem\",\"position\":1,\"name\":\"In\u00edcio\",\"item\":\"https:\/\/unitedidiomas.com\/blog\/\"},{\"@type\":\"ListItem\",\"position\":2,\"name\":\"Batalha do Boyne: saiba mais sobre esse feriado\"}]},{\"@type\":\"WebSite\",\"@id\":\"https:\/\/unitedidiomas.com\/blog\/#website\",\"url\":\"https:\/\/unitedidiomas.com\/blog\/\",\"name\":\"Blog United Idiomas\",\"description\":\"Blog da United Idiomas\",\"potentialAction\":[{\"@type\":\"SearchAction\",\"target\":{\"@type\":\"EntryPoint\",\"urlTemplate\":\"https:\/\/unitedidiomas.com\/blog\/?s={search_term_string}\"},\"query-input\":{\"@type\":\"PropertyValueSpecification\",\"valueRequired\":true,\"valueName\":\"search_term_string\"}}],\"inLanguage\":\"pt-PT\"},{\"@type\":\"Person\",\"@id\":\"https:\/\/unitedidiomas.com\/blog\/#\/schema\/person\/5a0e2b7d383b30546fc0845dd33d5cff\",\"name\":\"United Idiomas\",\"image\":{\"@type\":\"ImageObject\",\"inLanguage\":\"pt-PT\",\"@id\":\"https:\/\/secure.gravatar.com\/avatar\/7ecc8b9714383dc7d4ffa79a610236023d3efd20a19c4f67d08f86412d043e3b?s=96&d=mm&r=g\",\"url\":\"https:\/\/secure.gravatar.com\/avatar\/7ecc8b9714383dc7d4ffa79a610236023d3efd20a19c4f67d08f86412d043e3b?s=96&d=mm&r=g\",\"contentUrl\":\"https:\/\/secure.gravatar.com\/avatar\/7ecc8b9714383dc7d4ffa79a610236023d3efd20a19c4f67d08f86412d043e3b?s=96&d=mm&r=g\",\"caption\":\"United Idiomas\"},\"sameAs\":[\"https:\/\/unitedidiomas.com\/blog\"],\"url\":\"https:\/\/unitedidiomas.com\/blog\/author\/ublogadmin\/\"}]}<\/script>\n<!-- \/ Yoast SEO plugin. -->","yoast_head_json":{"title":"Batalha do Boyne: saiba mais sobre esse feriado | Blog United Idiomas","description":"Venha aprender ingl\u00eas na United Idiomas. Escola com aulas presenciais e online com metodologia EAD.","robots":{"index":"index","follow":"follow","max-snippet":"max-snippet:-1","max-image-preview":"max-image-preview:large","max-video-preview":"max-video-preview:-1"},"canonical":"https:\/\/unitedidiomas.com\/blog\/batalha-do-boyne-saiba-mais-sobre-esse-feriado\/","og_locale":"pt_PT","og_type":"article","og_title":"Batalha do Boyne: saiba mais sobre esse feriado | Blog United Idiomas","og_description":"Venha aprender ingl\u00eas na United Idiomas. Escola com aulas presenciais e online com metodologia EAD.","og_url":"https:\/\/unitedidiomas.com\/blog\/batalha-do-boyne-saiba-mais-sobre-esse-feriado\/","og_site_name":"Blog United Idiomas","article_published_time":"2022-07-15T09:00:19+00:00","article_modified_time":"2022-08-09T19:55:19+00:00","og_image":[{"width":2560,"height":1756,"url":"https:\/\/unitedidiomas.com\/blog\/wp-content\/uploads\/2022\/07\/Benjamin-west-the-battle-of-the-boyne-scaled.jpg","type":"image\/jpeg"}],"author":"United Idiomas","twitter_card":"summary_large_image","twitter_misc":{"Escrito por":"United Idiomas","Tempo estimado de leitura":"5 minutos"},"schema":{"@context":"https:\/\/schema.org","@graph":[{"@type":"Article","@id":"https:\/\/unitedidiomas.com\/blog\/batalha-do-boyne-saiba-mais-sobre-esse-feriado\/#article","isPartOf":{"@id":"https:\/\/unitedidiomas.com\/blog\/batalha-do-boyne-saiba-mais-sobre-esse-feriado\/"},"author":{"name":"United Idiomas","@id":"https:\/\/unitedidiomas.com\/blog\/#\/schema\/person\/5a0e2b7d383b30546fc0845dd33d5cff"},"headline":"Batalha do Boyne: saiba mais sobre esse feriado","datePublished":"2022-07-15T09:00:19+00:00","dateModified":"2022-08-09T19:55:19+00:00","mainEntityOfPage":{"@id":"https:\/\/unitedidiomas.com\/blog\/batalha-do-boyne-saiba-mais-sobre-esse-feriado\/"},"wordCount":767,"commentCount":0,"image":{"@id":"https:\/\/unitedidiomas.com\/blog\/batalha-do-boyne-saiba-mais-sobre-esse-feriado\/#primaryimage"},"thumbnailUrl":"https:\/\/unitedidiomas.com\/blog\/wp-content\/uploads\/2022\/07\/Benjamin-west-the-battle-of-the-boyne-scaled.jpg","keywords":["curiosidades","feriado","ingl\u00eas para viagens"],"articleSection":["Dicas e Curiosidades"],"inLanguage":"pt-PT","potentialAction":[{"@type":"CommentAction","name":"Comment","target":["https:\/\/unitedidiomas.com\/blog\/batalha-do-boyne-saiba-mais-sobre-esse-feriado\/#respond"]}]},{"@type":"WebPage","@id":"https:\/\/unitedidiomas.com\/blog\/batalha-do-boyne-saiba-mais-sobre-esse-feriado\/","url":"https:\/\/unitedidiomas.com\/blog\/batalha-do-boyne-saiba-mais-sobre-esse-feriado\/","name":"Batalha do Boyne: saiba mais sobre esse feriado | Blog United Idiomas","isPartOf":{"@id":"https:\/\/unitedidiomas.com\/blog\/#website"},"primaryImageOfPage":{"@id":"https:\/\/unitedidiomas.com\/blog\/batalha-do-boyne-saiba-mais-sobre-esse-feriado\/#primaryimage"},"image":{"@id":"https:\/\/unitedidiomas.com\/blog\/batalha-do-boyne-saiba-mais-sobre-esse-feriado\/#primaryimage"},"thumbnailUrl":"https:\/\/unitedidiomas.com\/blog\/wp-content\/uploads\/2022\/07\/Benjamin-west-the-battle-of-the-boyne-scaled.jpg","datePublished":"2022-07-15T09:00:19+00:00","dateModified":"2022-08-09T19:55:19+00:00","author":{"@id":"https:\/\/unitedidiomas.com\/blog\/#\/schema\/person\/5a0e2b7d383b30546fc0845dd33d5cff"},"description":"Venha aprender ingl\u00eas na United Idiomas. Escola com aulas presenciais e online com metodologia EAD.","breadcrumb":{"@id":"https:\/\/unitedidiomas.com\/blog\/batalha-do-boyne-saiba-mais-sobre-esse-feriado\/#breadcrumb"},"inLanguage":"pt-PT","potentialAction":[{"@type":"ReadAction","target":["https:\/\/unitedidiomas.com\/blog\/batalha-do-boyne-saiba-mais-sobre-esse-feriado\/"]}]},{"@type":"ImageObject","inLanguage":"pt-PT","@id":"https:\/\/unitedidiomas.com\/blog\/batalha-do-boyne-saiba-mais-sobre-esse-feriado\/#primaryimage","url":"https:\/\/unitedidiomas.com\/blog\/wp-content\/uploads\/2022\/07\/Benjamin-west-the-battle-of-the-boyne-scaled.jpg","contentUrl":"https:\/\/unitedidiomas.com\/blog\/wp-content\/uploads\/2022\/07\/Benjamin-west-the-battle-of-the-boyne-scaled.jpg","width":2560,"height":1756},{"@type":"BreadcrumbList","@id":"https:\/\/unitedidiomas.com\/blog\/batalha-do-boyne-saiba-mais-sobre-esse-feriado\/#breadcrumb","itemListElement":[{"@type":"ListItem","position":1,"name":"In\u00edcio","item":"https:\/\/unitedidiomas.com\/blog\/"},{"@type":"ListItem","position":2,"name":"Batalha do Boyne: saiba mais sobre esse feriado"}]},{"@type":"WebSite","@id":"https:\/\/unitedidiomas.com\/blog\/#website","url":"https:\/\/unitedidiomas.com\/blog\/","name":"Blog United Idiomas","description":"Blog da United Idiomas","potentialAction":[{"@type":"SearchAction","target":{"@type":"EntryPoint","urlTemplate":"https:\/\/unitedidiomas.com\/blog\/?s={search_term_string}"},"query-input":{"@type":"PropertyValueSpecification","valueRequired":true,"valueName":"search_term_string"}}],"inLanguage":"pt-PT"},{"@type":"Person","@id":"https:\/\/unitedidiomas.com\/blog\/#\/schema\/person\/5a0e2b7d383b30546fc0845dd33d5cff","name":"United Idiomas","image":{"@type":"ImageObject","inLanguage":"pt-PT","@id":"https:\/\/secure.gravatar.com\/avatar\/7ecc8b9714383dc7d4ffa79a610236023d3efd20a19c4f67d08f86412d043e3b?s=96&d=mm&r=g","url":"https:\/\/secure.gravatar.com\/avatar\/7ecc8b9714383dc7d4ffa79a610236023d3efd20a19c4f67d08f86412d043e3b?s=96&d=mm&r=g","contentUrl":"https:\/\/secure.gravatar.com\/avatar\/7ecc8b9714383dc7d4ffa79a610236023d3efd20a19c4f67d08f86412d043e3b?s=96&d=mm&r=g","caption":"United Idiomas"},"sameAs":["https:\/\/unitedidiomas.com\/blog"],"url":"https:\/\/unitedidiomas.com\/blog\/author\/ublogadmin\/"}]}},"_links":{"self":[{"href":"https:\/\/unitedidiomas.com\/blog\/wp-json\/wp\/v2\/posts\/468","targetHints":{"allow":["GET"]}}],"collection":[{"href":"https:\/\/unitedidiomas.com\/blog\/wp-json\/wp\/v2\/posts"}],"about":[{"href":"https:\/\/unitedidiomas.com\/blog\/wp-json\/wp\/v2\/types\/post"}],"author":[{"embeddable":true,"href":"https:\/\/unitedidiomas.com\/blog\/wp-json\/wp\/v2\/users\/1"}],"replies":[{"embeddable":true,"href":"https:\/\/unitedidiomas.com\/blog\/wp-json\/wp\/v2\/comments?post=468"}],"version-history":[{"count":1,"href":"https:\/\/unitedidiomas.com\/blog\/wp-json\/wp\/v2\/posts\/468\/revisions"}],"predecessor-version":[{"id":470,"href":"https:\/\/unitedidiomas.com\/blog\/wp-json\/wp\/v2\/posts\/468\/revisions\/470"}],"wp:featuredmedia":[{"embeddable":true,"href":"https:\/\/unitedidiomas.com\/blog\/wp-json\/wp\/v2\/media\/469"}],"wp:attachment":[{"href":"https:\/\/unitedidiomas.com\/blog\/wp-json\/wp\/v2\/media?parent=468"}],"wp:term":[{"taxonomy":"category","embeddable":true,"href":"https:\/\/unitedidiomas.com\/blog\/wp-json\/wp\/v2\/categories?post=468"},{"taxonomy":"post_tag","embeddable":true,"href":"https:\/\/unitedidiomas.com\/blog\/wp-json\/wp\/v2\/tags?post=468"}],"curies":[{"name":"wp","href":"https:\/\/api.w.org\/{rel}","templated":true}]}}