{"id":1017,"date":"2025-03-20T12:10:06","date_gmt":"2025-03-20T12:10:06","guid":{"rendered":"https:\/\/unitedidiomas.com\/blog\/?p=1017"},"modified":"2025-03-20T12:10:06","modified_gmt":"2025-03-20T12:10:06","slug":"comemoracao-st-patrick-day","status":"publish","type":"post","link":"https:\/\/unitedidiomas.com\/blog\/comemoracao-st-patrick-day\/","title":{"rendered":"Aprenda tudo sobre a comemora\u00e7\u00e3o do St. Patrick\u2019s Day"},"content":{"rendered":"<p>&nbsp;<\/p>\n<p data-wp-editing=\"1\"><img loading=\"lazy\" decoding=\"async\" class=\"alignnone wp-image-1019 size-full\" src=\"https:\/\/unitedidiomas.com\/blog\/wp-content\/uploads\/2025\/03\/imagem.png\" alt=\"comemoracao-st-patrick-day\" width=\"794\" height=\"580\" srcset=\"https:\/\/unitedidiomas.com\/blog\/wp-content\/uploads\/2025\/03\/imagem.png 794w, https:\/\/unitedidiomas.com\/blog\/wp-content\/uploads\/2025\/03\/imagem-480x351.png 480w\" sizes=\"auto, (min-width: 0px) and (max-width: 480px) 480px, (min-width: 481px) 794px, 100vw\" \/><\/p>\n<p>O <b>St. Patrick&#8217;s Day<\/b> \u00e9 uma festividade irlandesa amplamente celebrada em 17 de mar\u00e7o para honrar S\u00e3o Patr\u00edcio, o padroeiro da Irlanda.<\/p>\n<p><a href=\"https:\/\/unitedidiomas.com\/blog\/carnaval-nos-eua\/\">+ Como \u00e9 comemorado o Carnaval nos EUA? Descubra aqui!<\/a><\/p>\n<p>O feriado, originalmente uma celebra\u00e7\u00e3o religiosa, transformou-se em uma festa culturalmente rica que \u00e9 apreciada n\u00e3o apenas na Irlanda, mas tamb\u00e9m em muitos outros pa\u00edses ao redor do mundo.<\/p>\n<p>Neste artigo, voc\u00ea vai conhecer a origem do St. Patrick\u2019s Day, como ele \u00e9 comemorado, algumas curiosidades e ainda aprender vocabul\u00e1rio em ingl\u00eas relacionado ao tema:<\/p>\n<h2><b>Quem foi St. Patrick?<\/b><\/h2>\n<p>St. Patrick (S\u00e3o Patr\u00edcio, em portugu\u00eas) foi um mission\u00e1rio crist\u00e3o que viveu entre os s\u00e9culos IV e V. Ele nasceu na Gr\u00e3-Bretanha e foi levado como escravo para a Irlanda ainda jovem. Ap\u00f3s anos de cativeiro, conseguiu escapar, mas decidiu voltar ao pa\u00eds para espalhar o cristianismo entre os irlandeses.<\/p>\n<p>A tradi\u00e7\u00e3o conta que ele usava um shamrock \u2014 o famoso trevo de tr\u00eas folhas \u2014 para explicar a Sant\u00edssima Trindade (Pai, Filho e Esp\u00edrito Santo). Por isso, o trevo virou um dos maiores s\u00edmbolos da Irlanda e da festa.<\/p>\n<p>St. Patrick morreu em 17 de mar\u00e7o, e por isso essa data passou a ser lembrada em sua homenagem.<\/p>\n<p><a href=\"https:\/\/unitedidiomas.com\/blog\/reunioes-em-ingles\/\">+ Dicas para participar de reuni\u00f5es em ingl\u00eas com confian\u00e7a<\/a><\/p>\n<h2><b>Como surgiu a comemora\u00e7\u00e3o?<\/b><\/h2>\n<p>Originalmente, o St. Patrick\u2019s Day era uma data religiosa, celebrada principalmente na Irlanda com missas e ora\u00e7\u00f5es. Com o tempo, a festa foi se tornando tamb\u00e9m uma homenagem \u00e0 cultura e ao orgulho irland\u00eas, sendo celebrada com desfiles, m\u00fasicas, dan\u00e7as e comidas t\u00edpicas.<\/p>\n<p>Curiosamente, os primeiros grandes desfiles de St. Patrick\u2019s Day n\u00e3o aconteceram na Irlanda, mas nos Estados Unidos. Imigrantes irlandeses organizaram festas em cidades como Nova York e Boston no s\u00e9culo XVIII. Desde ent\u00e3o, a comemora\u00e7\u00e3o se espalhou por v\u00e1rios pa\u00edses.<\/p>\n<h2><b>Como o St. Patrick\u2019s Day \u00e9 comemorado pelo mundo?<\/b><\/h2>\n<p>Al\u00e9m da Irlanda, onde o feriado \u00e9 oficial e celebrado com grande entusiasmo, muitos pa\u00edses adotaram o St. Patrick\u2019s Day. Nos Estados Unidos, al\u00e9m dos desfiles, monumentos e rios s\u00e3o tingidos de verde. Em Chicago, por exemplo, o rio \u00e9 colorido todo 17 de mar\u00e7o.<\/p>\n<p>Na Austr\u00e1lia, Canad\u00e1 e Reino Unido, h\u00e1 festas em pubs, ruas decoradas e eventos culturais. At\u00e9 no Brasil j\u00e1 \u00e9 poss\u00edvel ver celebra\u00e7\u00f5es em bares e eventos dedicados \u00e0 cultura irlandesa.<\/p>\n<p><a href=\"https:\/\/unitedidiomas.com\/blog\/certificados-internacionais-ingles\/\">+ Quais s\u00e3o os principais certificados internacionais de ingl\u00eas?<\/a><\/p>\n<h2><b>Tradi\u00e7\u00f5es e s\u00edmbolos do St. Patrick\u2019s Day<\/b><\/h2>\n<p>A festa \u00e9 cheia de s\u00edmbolos marcantes. Confira os principais:<\/p>\n<p><b>Cor verde:<\/b> associada \u00e0 Irlanda, tamb\u00e9m conhecida como \u201cIlha Esmeralda\u201d por sua paisagem verdejante. No St. Patrick\u2019s Day, \u00e9 comum vestir verde da cabe\u00e7a aos p\u00e9s \u2014 dizem que quem n\u00e3o usa verde pode levar belisc\u00e3o!<\/p>\n<h3><a href=\"https:\/\/mkt.unitedidiomas.com\/guia-de-viagem?_ga=2.227050973.1369036470.1671023201-2016883419.1667477419\" target=\"_blank\" rel=\"noopener\"><img loading=\"lazy\" decoding=\"async\" class=\"wp-image-458 size-large aligncenter\" src=\"https:\/\/unitedidiomas.com\/blog\/wp-content\/uploads\/2022\/06\/united-08-1-1024x256.png\" alt=\"\" width=\"1024\" height=\"256\" srcset=\"https:\/\/unitedidiomas.com\/blog\/wp-content\/uploads\/2022\/06\/united-08-1-980x245.png 980w, https:\/\/unitedidiomas.com\/blog\/wp-content\/uploads\/2022\/06\/united-08-1-480x120.png 480w\" sizes=\"auto, (min-width: 0px) and (max-width: 480px) 480px, (min-width: 481px) and (max-width: 980px) 980px, (min-width: 981px) 1024px, 100vw\" \/><\/a><\/h3>\n<p>&nbsp;<\/p>\n<p><b>Trevo (shamrock):<\/b> representa sorte e tamb\u00e9m a Trindade, como mencionado antes.<\/p>\n<p><b>Leprechaun: <\/b>um duende da mitologia irlandesa, travesso e guardi\u00e3o de potes de ouro no fim do arco-\u00edris. Ele virou personagem tradicional da festa.<\/p>\n<p><b>Cerveja verde:<\/b> em muitos lugares, especialmente nos EUA, at\u00e9 a cerveja ganha corante verde para entrar no clima da comemora\u00e7\u00e3o.<\/p>\n<p><b>Desfiles: <\/b>cidades ao redor do mundo organizam desfiles com bandas, dan\u00e7arinos, carros aleg\u00f3ricos e muita anima\u00e7\u00e3o. O desfile de Nova York \u00e9 o maior do mundo.<\/p>\n<h2><b>Vocabul\u00e1rio em ingl\u00eas para o St. Patrick\u2019s Day<\/b><\/h2>\n<p><b>Saint Patrick\u2019s Day<\/b> \/ Dia de S\u00e3o Patr\u00edcio<\/p>\n<p><b>Shamrock <\/b>\/ Trevo de tr\u00eas folhas<\/p>\n<p><b>Green <\/b>\/ Verde<\/p>\n<p><b>Leprechaun <\/b>\/ Duende<\/p>\n<p><b>Pot of gold <\/b>\/ Pote de ouro<\/p>\n<p><b>Parade <\/b>\/ Desfile<\/p>\n<p><b>Irish stew <\/b>\/ Ensopado irland\u00eas<\/p>\n<p><b>Colcannon <\/b>\/ Pur\u00ea de batatas com couve<\/p>\n<p><b>Celtic music <\/b>\/ M\u00fasica celta<\/p>\n<p><b>Luck <\/b>\/ Sorte<\/p>\n<p><b>Rainbow <\/b>\/ Arco-\u00edris<\/p>\n<h2><b>Venha estudar ingl\u00eas na United Idiomas<\/b><\/h2>\n<p>Se voc\u00ea busca aprender ingl\u00eas com efici\u00eancia e flexibilidade, seu lugar \u00e9 na United Idiomas. Fundada em 2008, a United j\u00e1 formou mais de 100 mil alunos e conta com mais de 40 unidades espalhadas pelo Brasil, unindo qualidade e compet\u00eancia com uma metodologia diferenciada para facilitar o aprendizado do ingl\u00eas.<\/p>\n<p>Escolha onde, como e quando quer estudar com a United Idiomas e descubra mais sobre nossas op\u00e7\u00f5es de cursos presenciais, remotos ou h\u00edbridos \u2014 n\u00f3s temos a op\u00e7\u00e3o perfeita para voc\u00ea!<\/p>\n<p><a href=\"https:\/\/unitedidiomas.com\/blog\/carreira-2025-united\/\">+ Transforme sua carreira profissional em 2025 com a United Idiomas<\/a><\/p>\n<p>N\u00e3o perca mais tempo: preencha o formul\u00e1rio abaixo com seus dados para receber o contato de nossa equipe de atendentes, prontos para esclarecer todas as suas d\u00favidas e ajudar voc\u00ea a come\u00e7ar seus estudos na United Idiomas, a melhor escola de ingl\u00eas do Brasil.<\/p>\n<p>&nbsp;<\/p>\n<p>&nbsp;<\/p>\n<p>&nbsp;<\/p>\n","protected":false},"excerpt":{"rendered":"<p>&nbsp; O St. Patrick&#8217;s Day \u00e9 uma festividade irlandesa amplamente celebrada em 17 de mar\u00e7o para honrar S\u00e3o Patr\u00edcio, o padroeiro da Irlanda. + Como \u00e9 comemorado o Carnaval nos EUA? Descubra aqui! O feriado, originalmente uma celebra\u00e7\u00e3o religiosa, transformou-se em uma festa culturalmente rica que \u00e9 apreciada n\u00e3o apenas na Irlanda, mas tamb\u00e9m em [&hellip;]<\/p>\n","protected":false},"author":1,"featured_media":1019,"comment_status":"closed","ping_status":"open","sticky":false,"template":"","format":"standard","meta":{"_et_pb_use_builder":"off","_et_pb_old_content":"","_et_gb_content_width":"","footnotes":""},"categories":[3,4],"tags":[145,259,258,6],"class_list":["post-1017","post","type-post","status-publish","format-standard","has-post-thumbnail","hentry","category-ingles-para-negocios","category-united-idiomas","tag-irlanda","tag-shamrock","tag-st-patricks-day","tag-united-idiomas"],"yoast_head":"<!-- This site is optimized with the Yoast SEO plugin v27.2 - https:\/\/yoast.com\/product\/yoast-seo-wordpress\/ -->\n<title>Aprenda tudo sobre a comemora\u00e7\u00e3o do St. Patrick\u2019s Day | Blog United Idiomas<\/title>\n<meta name=\"description\" content=\"O St. Patrick\u2019s Day \u00e9 uma data de grande import\u00e2ncia para a Irlanda, mas tamb\u00e9m para outros pa\u00edses. Acesse e saiba mais!\" \/>\n<meta name=\"robots\" content=\"index, follow, max-snippet:-1, max-image-preview:large, max-video-preview:-1\" \/>\n<link rel=\"canonical\" href=\"https:\/\/unitedidiomas.com\/blog\/comemoracao-st-patrick-day\/\" \/>\n<meta property=\"og:locale\" content=\"pt_PT\" \/>\n<meta property=\"og:type\" content=\"article\" \/>\n<meta property=\"og:title\" content=\"Aprenda tudo sobre a comemora\u00e7\u00e3o do St. Patrick\u2019s Day\" \/>\n<meta property=\"og:description\" content=\"O St. Patrick\u2019s Day \u00e9 uma data de grande import\u00e2ncia para a Irlanda, mas tamb\u00e9m para outros pa\u00edses. Acesse e saiba mais!\" \/>\n<meta property=\"og:url\" content=\"https:\/\/unitedidiomas.com\/blog\/comemoracao-st-patrick-day\/\" \/>\n<meta property=\"og:site_name\" content=\"Blog United Idiomas\" \/>\n<meta property=\"article:published_time\" content=\"2025-03-20T12:10:06+00:00\" \/>\n<meta property=\"og:image\" content=\"https:\/\/unitedidiomas.com\/blog\/wp-content\/uploads\/2025\/03\/imagem.png\" \/>\n\t<meta property=\"og:image:width\" content=\"794\" \/>\n\t<meta property=\"og:image:height\" content=\"580\" \/>\n\t<meta property=\"og:image:type\" content=\"image\/png\" \/>\n<meta name=\"author\" content=\"United Idiomas\" \/>\n<meta name=\"twitter:card\" content=\"summary_large_image\" \/>\n<meta name=\"twitter:title\" content=\"Aprenda tudo sobre a comemora\u00e7\u00e3o do St. Patrick\u2019s Day\" \/>\n<meta name=\"twitter:description\" content=\"O St. Patrick\u2019s Day \u00e9 uma data de grande import\u00e2ncia para a Irlanda, mas tamb\u00e9m para outros pa\u00edses. Acesse e saiba mais!\" \/>\n<meta name=\"twitter:image\" content=\"https:\/\/unitedidiomas.com\/blog\/wp-content\/uploads\/2025\/03\/imagem.png\" \/>\n<meta name=\"twitter:label1\" content=\"Escrito por\" \/>\n\t<meta name=\"twitter:data1\" content=\"United Idiomas\" \/>\n\t<meta name=\"twitter:label2\" content=\"Tempo estimado de leitura\" \/>\n\t<meta name=\"twitter:data2\" content=\"5 minutos\" \/>\n<script type=\"application\/ld+json\" class=\"yoast-schema-graph\">{\"@context\":\"https:\/\/schema.org\",\"@graph\":[{\"@type\":\"Article\",\"@id\":\"https:\/\/unitedidiomas.com\/blog\/comemoracao-st-patrick-day\/#article\",\"isPartOf\":{\"@id\":\"https:\/\/unitedidiomas.com\/blog\/comemoracao-st-patrick-day\/\"},\"author\":{\"name\":\"United Idiomas\",\"@id\":\"https:\/\/unitedidiomas.com\/blog\/#\/schema\/person\/5a0e2b7d383b30546fc0845dd33d5cff\"},\"headline\":\"Aprenda tudo sobre a comemora\u00e7\u00e3o do St. Patrick\u2019s Day\",\"datePublished\":\"2025-03-20T12:10:06+00:00\",\"mainEntityOfPage\":{\"@id\":\"https:\/\/unitedidiomas.com\/blog\/comemoracao-st-patrick-day\/\"},\"wordCount\":799,\"image\":{\"@id\":\"https:\/\/unitedidiomas.com\/blog\/comemoracao-st-patrick-day\/#primaryimage\"},\"thumbnailUrl\":\"https:\/\/unitedidiomas.com\/blog\/wp-content\/uploads\/2025\/03\/imagem.png\",\"keywords\":[\"Irlanda\",\"shamrock\",\"St. Patrick\u2019s Day\",\"united idiomas\"],\"articleSection\":[\"Ingl\u00eas para Neg\u00f3cios\",\"United Idiomas\"],\"inLanguage\":\"pt-PT\"},{\"@type\":\"WebPage\",\"@id\":\"https:\/\/unitedidiomas.com\/blog\/comemoracao-st-patrick-day\/\",\"url\":\"https:\/\/unitedidiomas.com\/blog\/comemoracao-st-patrick-day\/\",\"name\":\"Aprenda tudo sobre a comemora\u00e7\u00e3o do St. Patrick\u2019s Day | Blog United Idiomas\",\"isPartOf\":{\"@id\":\"https:\/\/unitedidiomas.com\/blog\/#website\"},\"primaryImageOfPage\":{\"@id\":\"https:\/\/unitedidiomas.com\/blog\/comemoracao-st-patrick-day\/#primaryimage\"},\"image\":{\"@id\":\"https:\/\/unitedidiomas.com\/blog\/comemoracao-st-patrick-day\/#primaryimage\"},\"thumbnailUrl\":\"https:\/\/unitedidiomas.com\/blog\/wp-content\/uploads\/2025\/03\/imagem.png\",\"datePublished\":\"2025-03-20T12:10:06+00:00\",\"author\":{\"@id\":\"https:\/\/unitedidiomas.com\/blog\/#\/schema\/person\/5a0e2b7d383b30546fc0845dd33d5cff\"},\"description\":\"O St. Patrick\u2019s Day \u00e9 uma data de grande import\u00e2ncia para a Irlanda, mas tamb\u00e9m para outros pa\u00edses. Acesse e saiba mais!\",\"breadcrumb\":{\"@id\":\"https:\/\/unitedidiomas.com\/blog\/comemoracao-st-patrick-day\/#breadcrumb\"},\"inLanguage\":\"pt-PT\",\"potentialAction\":[{\"@type\":\"ReadAction\",\"target\":[\"https:\/\/unitedidiomas.com\/blog\/comemoracao-st-patrick-day\/\"]}]},{\"@type\":\"ImageObject\",\"inLanguage\":\"pt-PT\",\"@id\":\"https:\/\/unitedidiomas.com\/blog\/comemoracao-st-patrick-day\/#primaryimage\",\"url\":\"https:\/\/unitedidiomas.com\/blog\/wp-content\/uploads\/2025\/03\/imagem.png\",\"contentUrl\":\"https:\/\/unitedidiomas.com\/blog\/wp-content\/uploads\/2025\/03\/imagem.png\",\"width\":794,\"height\":580,\"caption\":\"comemoracao-st-patrick-day\"},{\"@type\":\"BreadcrumbList\",\"@id\":\"https:\/\/unitedidiomas.com\/blog\/comemoracao-st-patrick-day\/#breadcrumb\",\"itemListElement\":[{\"@type\":\"ListItem\",\"position\":1,\"name\":\"In\u00edcio\",\"item\":\"https:\/\/unitedidiomas.com\/blog\/\"},{\"@type\":\"ListItem\",\"position\":2,\"name\":\"Aprenda tudo sobre a comemora\u00e7\u00e3o do St. Patrick\u2019s Day\"}]},{\"@type\":\"WebSite\",\"@id\":\"https:\/\/unitedidiomas.com\/blog\/#website\",\"url\":\"https:\/\/unitedidiomas.com\/blog\/\",\"name\":\"Blog United Idiomas\",\"description\":\"Blog da United Idiomas\",\"potentialAction\":[{\"@type\":\"SearchAction\",\"target\":{\"@type\":\"EntryPoint\",\"urlTemplate\":\"https:\/\/unitedidiomas.com\/blog\/?s={search_term_string}\"},\"query-input\":{\"@type\":\"PropertyValueSpecification\",\"valueRequired\":true,\"valueName\":\"search_term_string\"}}],\"inLanguage\":\"pt-PT\"},{\"@type\":\"Person\",\"@id\":\"https:\/\/unitedidiomas.com\/blog\/#\/schema\/person\/5a0e2b7d383b30546fc0845dd33d5cff\",\"name\":\"United Idiomas\",\"image\":{\"@type\":\"ImageObject\",\"inLanguage\":\"pt-PT\",\"@id\":\"https:\/\/secure.gravatar.com\/avatar\/7ecc8b9714383dc7d4ffa79a610236023d3efd20a19c4f67d08f86412d043e3b?s=96&d=mm&r=g\",\"url\":\"https:\/\/secure.gravatar.com\/avatar\/7ecc8b9714383dc7d4ffa79a610236023d3efd20a19c4f67d08f86412d043e3b?s=96&d=mm&r=g\",\"contentUrl\":\"https:\/\/secure.gravatar.com\/avatar\/7ecc8b9714383dc7d4ffa79a610236023d3efd20a19c4f67d08f86412d043e3b?s=96&d=mm&r=g\",\"caption\":\"United Idiomas\"},\"sameAs\":[\"https:\/\/unitedidiomas.com\/blog\"],\"url\":\"https:\/\/unitedidiomas.com\/blog\/author\/ublogadmin\/\"}]}<\/script>\n<!-- \/ Yoast SEO plugin. -->","yoast_head_json":{"title":"Aprenda tudo sobre a comemora\u00e7\u00e3o do St. Patrick\u2019s Day | Blog United Idiomas","description":"O St. Patrick\u2019s Day \u00e9 uma data de grande import\u00e2ncia para a Irlanda, mas tamb\u00e9m para outros pa\u00edses. Acesse e saiba mais!","robots":{"index":"index","follow":"follow","max-snippet":"max-snippet:-1","max-image-preview":"max-image-preview:large","max-video-preview":"max-video-preview:-1"},"canonical":"https:\/\/unitedidiomas.com\/blog\/comemoracao-st-patrick-day\/","og_locale":"pt_PT","og_type":"article","og_title":"Aprenda tudo sobre a comemora\u00e7\u00e3o do St. Patrick\u2019s Day","og_description":"O St. Patrick\u2019s Day \u00e9 uma data de grande import\u00e2ncia para a Irlanda, mas tamb\u00e9m para outros pa\u00edses. Acesse e saiba mais!","og_url":"https:\/\/unitedidiomas.com\/blog\/comemoracao-st-patrick-day\/","og_site_name":"Blog United Idiomas","article_published_time":"2025-03-20T12:10:06+00:00","og_image":[{"width":794,"height":580,"url":"https:\/\/unitedidiomas.com\/blog\/wp-content\/uploads\/2025\/03\/imagem.png","type":"image\/png"}],"author":"United Idiomas","twitter_card":"summary_large_image","twitter_title":"Aprenda tudo sobre a comemora\u00e7\u00e3o do St. Patrick\u2019s Day","twitter_description":"O St. Patrick\u2019s Day \u00e9 uma data de grande import\u00e2ncia para a Irlanda, mas tamb\u00e9m para outros pa\u00edses. Acesse e saiba mais!","twitter_image":"https:\/\/unitedidiomas.com\/blog\/wp-content\/uploads\/2025\/03\/imagem.png","twitter_misc":{"Escrito por":"United Idiomas","Tempo estimado de leitura":"5 minutos"},"schema":{"@context":"https:\/\/schema.org","@graph":[{"@type":"Article","@id":"https:\/\/unitedidiomas.com\/blog\/comemoracao-st-patrick-day\/#article","isPartOf":{"@id":"https:\/\/unitedidiomas.com\/blog\/comemoracao-st-patrick-day\/"},"author":{"name":"United Idiomas","@id":"https:\/\/unitedidiomas.com\/blog\/#\/schema\/person\/5a0e2b7d383b30546fc0845dd33d5cff"},"headline":"Aprenda tudo sobre a comemora\u00e7\u00e3o do St. Patrick\u2019s Day","datePublished":"2025-03-20T12:10:06+00:00","mainEntityOfPage":{"@id":"https:\/\/unitedidiomas.com\/blog\/comemoracao-st-patrick-day\/"},"wordCount":799,"image":{"@id":"https:\/\/unitedidiomas.com\/blog\/comemoracao-st-patrick-day\/#primaryimage"},"thumbnailUrl":"https:\/\/unitedidiomas.com\/blog\/wp-content\/uploads\/2025\/03\/imagem.png","keywords":["Irlanda","shamrock","St. Patrick\u2019s Day","united idiomas"],"articleSection":["Ingl\u00eas para Neg\u00f3cios","United Idiomas"],"inLanguage":"pt-PT"},{"@type":"WebPage","@id":"https:\/\/unitedidiomas.com\/blog\/comemoracao-st-patrick-day\/","url":"https:\/\/unitedidiomas.com\/blog\/comemoracao-st-patrick-day\/","name":"Aprenda tudo sobre a comemora\u00e7\u00e3o do St. Patrick\u2019s Day | Blog United Idiomas","isPartOf":{"@id":"https:\/\/unitedidiomas.com\/blog\/#website"},"primaryImageOfPage":{"@id":"https:\/\/unitedidiomas.com\/blog\/comemoracao-st-patrick-day\/#primaryimage"},"image":{"@id":"https:\/\/unitedidiomas.com\/blog\/comemoracao-st-patrick-day\/#primaryimage"},"thumbnailUrl":"https:\/\/unitedidiomas.com\/blog\/wp-content\/uploads\/2025\/03\/imagem.png","datePublished":"2025-03-20T12:10:06+00:00","author":{"@id":"https:\/\/unitedidiomas.com\/blog\/#\/schema\/person\/5a0e2b7d383b30546fc0845dd33d5cff"},"description":"O St. Patrick\u2019s Day \u00e9 uma data de grande import\u00e2ncia para a Irlanda, mas tamb\u00e9m para outros pa\u00edses. Acesse e saiba mais!","breadcrumb":{"@id":"https:\/\/unitedidiomas.com\/blog\/comemoracao-st-patrick-day\/#breadcrumb"},"inLanguage":"pt-PT","potentialAction":[{"@type":"ReadAction","target":["https:\/\/unitedidiomas.com\/blog\/comemoracao-st-patrick-day\/"]}]},{"@type":"ImageObject","inLanguage":"pt-PT","@id":"https:\/\/unitedidiomas.com\/blog\/comemoracao-st-patrick-day\/#primaryimage","url":"https:\/\/unitedidiomas.com\/blog\/wp-content\/uploads\/2025\/03\/imagem.png","contentUrl":"https:\/\/unitedidiomas.com\/blog\/wp-content\/uploads\/2025\/03\/imagem.png","width":794,"height":580,"caption":"comemoracao-st-patrick-day"},{"@type":"BreadcrumbList","@id":"https:\/\/unitedidiomas.com\/blog\/comemoracao-st-patrick-day\/#breadcrumb","itemListElement":[{"@type":"ListItem","position":1,"name":"In\u00edcio","item":"https:\/\/unitedidiomas.com\/blog\/"},{"@type":"ListItem","position":2,"name":"Aprenda tudo sobre a comemora\u00e7\u00e3o do St. Patrick\u2019s Day"}]},{"@type":"WebSite","@id":"https:\/\/unitedidiomas.com\/blog\/#website","url":"https:\/\/unitedidiomas.com\/blog\/","name":"Blog United Idiomas","description":"Blog da United Idiomas","potentialAction":[{"@type":"SearchAction","target":{"@type":"EntryPoint","urlTemplate":"https:\/\/unitedidiomas.com\/blog\/?s={search_term_string}"},"query-input":{"@type":"PropertyValueSpecification","valueRequired":true,"valueName":"search_term_string"}}],"inLanguage":"pt-PT"},{"@type":"Person","@id":"https:\/\/unitedidiomas.com\/blog\/#\/schema\/person\/5a0e2b7d383b30546fc0845dd33d5cff","name":"United Idiomas","image":{"@type":"ImageObject","inLanguage":"pt-PT","@id":"https:\/\/secure.gravatar.com\/avatar\/7ecc8b9714383dc7d4ffa79a610236023d3efd20a19c4f67d08f86412d043e3b?s=96&d=mm&r=g","url":"https:\/\/secure.gravatar.com\/avatar\/7ecc8b9714383dc7d4ffa79a610236023d3efd20a19c4f67d08f86412d043e3b?s=96&d=mm&r=g","contentUrl":"https:\/\/secure.gravatar.com\/avatar\/7ecc8b9714383dc7d4ffa79a610236023d3efd20a19c4f67d08f86412d043e3b?s=96&d=mm&r=g","caption":"United Idiomas"},"sameAs":["https:\/\/unitedidiomas.com\/blog"],"url":"https:\/\/unitedidiomas.com\/blog\/author\/ublogadmin\/"}]}},"_links":{"self":[{"href":"https:\/\/unitedidiomas.com\/blog\/wp-json\/wp\/v2\/posts\/1017","targetHints":{"allow":["GET"]}}],"collection":[{"href":"https:\/\/unitedidiomas.com\/blog\/wp-json\/wp\/v2\/posts"}],"about":[{"href":"https:\/\/unitedidiomas.com\/blog\/wp-json\/wp\/v2\/types\/post"}],"author":[{"embeddable":true,"href":"https:\/\/unitedidiomas.com\/blog\/wp-json\/wp\/v2\/users\/1"}],"replies":[{"embeddable":true,"href":"https:\/\/unitedidiomas.com\/blog\/wp-json\/wp\/v2\/comments?post=1017"}],"version-history":[{"count":2,"href":"https:\/\/unitedidiomas.com\/blog\/wp-json\/wp\/v2\/posts\/1017\/revisions"}],"predecessor-version":[{"id":1020,"href":"https:\/\/unitedidiomas.com\/blog\/wp-json\/wp\/v2\/posts\/1017\/revisions\/1020"}],"wp:featuredmedia":[{"embeddable":true,"href":"https:\/\/unitedidiomas.com\/blog\/wp-json\/wp\/v2\/media\/1019"}],"wp:attachment":[{"href":"https:\/\/unitedidiomas.com\/blog\/wp-json\/wp\/v2\/media?parent=1017"}],"wp:term":[{"taxonomy":"category","embeddable":true,"href":"https:\/\/unitedidiomas.com\/blog\/wp-json\/wp\/v2\/categories?post=1017"},{"taxonomy":"post_tag","embeddable":true,"href":"https:\/\/unitedidiomas.com\/blog\/wp-json\/wp\/v2\/tags?post=1017"}],"curies":[{"name":"wp","href":"https:\/\/api.w.org\/{rel}","templated":true}]}}